{"id":1328,"date":"2021-09-22T11:05:46","date_gmt":"2021-09-22T09:05:46","guid":{"rendered":"https:\/\/www.amicsdelamarportmao.com\/?p=1328"},"modified":"2021-09-22T11:05:46","modified_gmt":"2021-09-22T09:05:46","slug":"article-joan-alemany-la-vela-llatina-patrimoni-inmaterial-de-la-humanitat-diari-menorca-19-09-2021","status":"publish","type":"post","link":"https:\/\/www.amicsdelamarportmao.com\/es\/2021\/09\/article-joan-alemany-la-vela-llatina-patrimoni-inmaterial-de-la-humanitat-diari-menorca-19-09-2021\/","title":{"rendered":"(Catal\u00e0) ARTICLE JOAN ALEMANY \u00abLA VELA LLATINA, PATRIMONI INMATERIAL DE LA HUMANITAT\u00bb DIARI MENORCA 19\/09\/2021"},"content":{"rendered":"<p class=\"qtranxs-available-languages-message qtranxs-available-languages-message-es\">Disculpa, pero esta entrada est\u00e1 disponible s\u00f3lo en <a href=\"https:\/\/www.amicsdelamarportmao.com\/ca\/wp-json\/wp\/v2\/posts\/1328\" class=\"qtranxs-available-language-link qtranxs-available-language-link-ca\" title=\"Catal\u00e0\">Catal\u00e0<\/a>.<\/p>","protected":false},"excerpt":{"rendered":"<p>Disculpa, pero esta entrada est\u00e1 disponible s\u00f3lo en Catal\u00e0.<\/p>\n","protected":false},"author":1,"featured_media":0,"comment_status":"closed","ping_status":"closed","sticky":false,"template":"","format":"standard","meta":{"footnotes":""},"categories":[1],"tags":[],"_links":{"self":[{"href":"https:\/\/www.amicsdelamarportmao.com\/es\/wp-json\/wp\/v2\/posts\/1328"}],"collection":[{"href":"https:\/\/www.amicsdelamarportmao.com\/es\/wp-json\/wp\/v2\/posts"}],"about":[{"href":"https:\/\/www.amicsdelamarportmao.com\/es\/wp-json\/wp\/v2\/types\/post"}],"author":[{"embeddable":true,"href":"https:\/\/www.amicsdelamarportmao.com\/es\/wp-json\/wp\/v2\/users\/1"}],"replies":[{"embeddable":true,"href":"https:\/\/www.amicsdelamarportmao.com\/es\/wp-json\/wp\/v2\/comments?post=1328"}],"version-history":[{"count":1,"href":"https:\/\/www.amicsdelamarportmao.com\/es\/wp-json\/wp\/v2\/posts\/1328\/revisions"}],"predecessor-version":[{"id":1330,"href":"https:\/\/www.amicsdelamarportmao.com\/es\/wp-json\/wp\/v2\/posts\/1328\/revisions\/1330"}],"wp:attachment":[{"href":"https:\/\/www.amicsdelamarportmao.com\/es\/wp-json\/wp\/v2\/media?parent=1328"}],"wp:term":[{"taxonomy":"category","embeddable":true,"href":"https:\/\/www.amicsdelamarportmao.com\/es\/wp-json\/wp\/v2\/categories?post=1328"},{"taxonomy":"post_tag","embeddable":true,"href":"https:\/\/www.amicsdelamarportmao.com\/es\/wp-json\/wp\/v2\/tags?post=1328"}],"curies":[{"name":"wp","href":"https:\/\/api.w.org\/{rel}","templated":true}]}}