{"id":1355,"date":"2021-10-18T20:26:40","date_gmt":"2021-10-18T18:26:40","guid":{"rendered":"https:\/\/www.amicsdelamarportmao.com\/?p=1355"},"modified":"2021-10-18T20:46:38","modified_gmt":"2021-10-18T18:46:38","slug":"article-joan-alemany-un-futur-esperancador-de-la-vela-llatina-a-menorca","status":"publish","type":"post","link":"https:\/\/www.amicsdelamarportmao.com\/es\/2021\/10\/article-joan-alemany-un-futur-esperancador-de-la-vela-llatina-a-menorca\/","title":{"rendered":"(Catal\u00e0) ARTICLE JOAN ALEMANY \u00abUN FUTUR ESPERAN\u00c7ADOR DE LA VELA LLATINA A MENORCA\u00bb"},"content":{"rendered":"<p class=\"qtranxs-available-languages-message qtranxs-available-languages-message-es\">Disculpa, pero esta entrada est\u00e1 disponible s\u00f3lo en <a href=\"https:\/\/www.amicsdelamarportmao.com\/ca\/wp-json\/wp\/v2\/posts\/1355\" class=\"qtranxs-available-language-link qtranxs-available-language-link-ca\" title=\"Catal\u00e0\">Catal\u00e0<\/a>.<\/p>","protected":false},"excerpt":{"rendered":"<p>Disculpa, pero esta entrada est\u00e1 disponible s\u00f3lo en Catal\u00e0.<\/p>\n","protected":false},"author":1,"featured_media":0,"comment_status":"closed","ping_status":"closed","sticky":false,"template":"","format":"standard","meta":{"footnotes":""},"categories":[1],"tags":[],"_links":{"self":[{"href":"https:\/\/www.amicsdelamarportmao.com\/es\/wp-json\/wp\/v2\/posts\/1355"}],"collection":[{"href":"https:\/\/www.amicsdelamarportmao.com\/es\/wp-json\/wp\/v2\/posts"}],"about":[{"href":"https:\/\/www.amicsdelamarportmao.com\/es\/wp-json\/wp\/v2\/types\/post"}],"author":[{"embeddable":true,"href":"https:\/\/www.amicsdelamarportmao.com\/es\/wp-json\/wp\/v2\/users\/1"}],"replies":[{"embeddable":true,"href":"https:\/\/www.amicsdelamarportmao.com\/es\/wp-json\/wp\/v2\/comments?post=1355"}],"version-history":[{"count":2,"href":"https:\/\/www.amicsdelamarportmao.com\/es\/wp-json\/wp\/v2\/posts\/1355\/revisions"}],"predecessor-version":[{"id":1360,"href":"https:\/\/www.amicsdelamarportmao.com\/es\/wp-json\/wp\/v2\/posts\/1355\/revisions\/1360"}],"wp:attachment":[{"href":"https:\/\/www.amicsdelamarportmao.com\/es\/wp-json\/wp\/v2\/media?parent=1355"}],"wp:term":[{"taxonomy":"category","embeddable":true,"href":"https:\/\/www.amicsdelamarportmao.com\/es\/wp-json\/wp\/v2\/categories?post=1355"},{"taxonomy":"post_tag","embeddable":true,"href":"https:\/\/www.amicsdelamarportmao.com\/es\/wp-json\/wp\/v2\/tags?post=1355"}],"curies":[{"name":"wp","href":"https:\/\/api.w.org\/{rel}","templated":true}]}}