{"id":564,"date":"2012-04-23T23:05:26","date_gmt":"2012-04-23T21:05:26","guid":{"rendered":"https:\/\/www.amicsdelamarportmao.com\/?p=564"},"modified":"2012-04-23T23:50:14","modified_gmt":"2012-04-23T21:50:14","slug":"trobada-dalcudia","status":"publish","type":"post","link":"https:\/\/www.amicsdelamarportmao.com\/es\/2012\/04\/trobada-dalcudia\/","title":{"rendered":"Encuentro de Alc\u00fadia"},"content":{"rendered":"<p>Este pasado fin de semana se ha celebrado la <em><strong>VI Trobada d&#8217;embarcacions tradicionals de vela llatina<\/strong><\/em> en Alc\u00fadia, a la que nos hemos desplazado algunos socios con el bote <em><strong>Delio<\/strong>,<\/em> junto a los compa\u00f1eros de Amics de la Mar de Menorca con el<em> <strong>Estel <\/strong><\/em>(tambi\u00e9n deb\u00eda desplazarse el bot-lla\u00fct <strong><em>Taur\u00f3<\/em><\/strong> y el bot<strong><em>e Maria y Antonio<\/em><\/strong>, per\u00f2 a \u00faltima hora nos comunicaron desde la naviera el canbio de horario y no fu\u00e9\u00a0 posible). Coincidimos tambi\u00e9n con\u00a0 Miquel Huguet y\u00a0 su hijo\u00a0 Diego con su lla\u00fct <strong><em>Riete<\/em><\/strong> y un bote de 18 pams que ha restaurado en Mallorca. Y claro est\u00e1 los Amics de n&#8217;Agustina asociaci\u00f3n organizadora de la trobada que nos han tratado estupendamente.<\/p>\n<p><a href=\"https:\/\/www.amicsdelamarportmao.com\/wp-content\/uploads\/2012\/04\/Delio.jpg\"><img loading=\"lazy\" decoding=\"async\" class=\"alignnone size-medium wp-image-568\" title=\"Delio\" src=\"https:\/\/www.amicsdelamarportmao.com\/wp-content\/uploads\/2012\/04\/Delio-300x246.jpg\" alt=\"\" width=\"300\" height=\"246\" srcset=\"https:\/\/www.amicsdelamarportmao.com\/wp-content\/uploads\/2012\/04\/Delio-300x246.jpg 300w, https:\/\/www.amicsdelamarportmao.com\/wp-content\/uploads\/2012\/04\/Delio-250x205.jpg 250w, https:\/\/www.amicsdelamarportmao.com\/wp-content\/uploads\/2012\/04\/Delio.jpg 567w\" sizes=\"(max-width: 300px) 100vw, 300px\" \/><\/a> <a href=\"https:\/\/www.amicsdelamarportmao.com\/wp-content\/uploads\/2012\/04\/Bot-restaurat-per-en-Diego-Huguet.jpg\"><img loading=\"lazy\" decoding=\"async\" class=\"alignnone size-medium wp-image-570\" title=\"Bot restaurat per en Diego Huguet\" src=\"https:\/\/www.amicsdelamarportmao.com\/wp-content\/uploads\/2012\/04\/Bot-restaurat-per-en-Diego-Huguet-300x216.jpg\" alt=\"\" width=\"300\" height=\"216\" srcset=\"https:\/\/www.amicsdelamarportmao.com\/wp-content\/uploads\/2012\/04\/Bot-restaurat-per-en-Diego-Huguet-300x216.jpg 300w, https:\/\/www.amicsdelamarportmao.com\/wp-content\/uploads\/2012\/04\/Bot-restaurat-per-en-Diego-Huguet-250x180.jpg 250w, https:\/\/www.amicsdelamarportmao.com\/wp-content\/uploads\/2012\/04\/Bot-restaurat-per-en-Diego-Huguet.jpg 567w\" sizes=\"(max-width: 300px) 100vw, 300px\" \/><\/a><\/p>\n<p><a href=\"https:\/\/www.amicsdelamarportmao.com\/wp-content\/uploads\/2012\/04\/barques-al-moll.jpg\"><img loading=\"lazy\" decoding=\"async\" class=\"alignnone size-medium wp-image-571\" title=\"barques al moll\" src=\"https:\/\/www.amicsdelamarportmao.com\/wp-content\/uploads\/2012\/04\/barques-al-moll-300x254.jpg\" alt=\"\" width=\"300\" height=\"254\" srcset=\"https:\/\/www.amicsdelamarportmao.com\/wp-content\/uploads\/2012\/04\/barques-al-moll-300x254.jpg 300w, https:\/\/www.amicsdelamarportmao.com\/wp-content\/uploads\/2012\/04\/barques-al-moll-250x212.jpg 250w, https:\/\/www.amicsdelamarportmao.com\/wp-content\/uploads\/2012\/04\/barques-al-moll.jpg 567w\" sizes=\"(max-width: 300px) 100vw, 300px\" \/><\/a> <a href=\"https:\/\/www.amicsdelamarportmao.com\/wp-content\/uploads\/2012\/04\/Barques-al-moll-2.jpg\"><img loading=\"lazy\" decoding=\"async\" class=\"alignnone size-medium wp-image-572\" title=\"Barques al moll 2\" src=\"https:\/\/www.amicsdelamarportmao.com\/wp-content\/uploads\/2012\/04\/Barques-al-moll-2-300x229.jpg\" alt=\"\" width=\"300\" height=\"229\" srcset=\"https:\/\/www.amicsdelamarportmao.com\/wp-content\/uploads\/2012\/04\/Barques-al-moll-2-300x229.jpg 300w, https:\/\/www.amicsdelamarportmao.com\/wp-content\/uploads\/2012\/04\/Barques-al-moll-2-250x190.jpg 250w, https:\/\/www.amicsdelamarportmao.com\/wp-content\/uploads\/2012\/04\/Barques-al-moll-2.jpg 567w\" sizes=\"(max-width: 300px) 100vw, 300px\" \/><\/a><\/p>\n<p><a href=\"https:\/\/www.amicsdelamarportmao.com\/wp-content\/uploads\/2012\/04\/Delio-navegant-3.jpg\"><img loading=\"lazy\" decoding=\"async\" class=\"alignnone size-medium wp-image-574\" title=\"Delio navegant 3\" src=\"https:\/\/www.amicsdelamarportmao.com\/wp-content\/uploads\/2012\/04\/Delio-navegant-3-224x300.jpg\" alt=\"\" width=\"224\" height=\"300\" srcset=\"https:\/\/www.amicsdelamarportmao.com\/wp-content\/uploads\/2012\/04\/Delio-navegant-3-224x300.jpg 224w, https:\/\/www.amicsdelamarportmao.com\/wp-content\/uploads\/2012\/04\/Delio-navegant-3.jpg 425w\" sizes=\"(max-width: 224px) 100vw, 224px\" \/><\/a> <a href=\"https:\/\/www.amicsdelamarportmao.com\/wp-content\/uploads\/2012\/04\/Delio-navegant-4.jpg\"><img loading=\"lazy\" decoding=\"async\" class=\"alignnone size-medium wp-image-575\" title=\"Delio navegant 4\" src=\"https:\/\/www.amicsdelamarportmao.com\/wp-content\/uploads\/2012\/04\/Delio-navegant-4-300x224.jpg\" alt=\"\" width=\"300\" height=\"224\" srcset=\"https:\/\/www.amicsdelamarportmao.com\/wp-content\/uploads\/2012\/04\/Delio-navegant-4-300x224.jpg 300w, https:\/\/www.amicsdelamarportmao.com\/wp-content\/uploads\/2012\/04\/Delio-navegant-4-250x187.jpg 250w, https:\/\/www.amicsdelamarportmao.com\/wp-content\/uploads\/2012\/04\/Delio-navegant-4.jpg 567w\" sizes=\"(max-width: 300px) 100vw, 300px\" \/><\/a><\/p>\n<p><a href=\"https:\/\/www.amicsdelamarportmao.com\/wp-content\/uploads\/2012\/04\/Balear.jpg\"><img loading=\"lazy\" decoding=\"async\" class=\"alignnone size-medium wp-image-576\" title=\"Balear\" src=\"https:\/\/www.amicsdelamarportmao.com\/wp-content\/uploads\/2012\/04\/Balear-300x224.jpg\" alt=\"\" width=\"300\" height=\"224\" srcset=\"https:\/\/www.amicsdelamarportmao.com\/wp-content\/uploads\/2012\/04\/Balear-300x224.jpg 300w, https:\/\/www.amicsdelamarportmao.com\/wp-content\/uploads\/2012\/04\/Balear-250x187.jpg 250w, https:\/\/www.amicsdelamarportmao.com\/wp-content\/uploads\/2012\/04\/Balear.jpg 567w\" sizes=\"(max-width: 300px) 100vw, 300px\" \/><\/a> <a href=\"https:\/\/www.amicsdelamarportmao.com\/wp-content\/uploads\/2012\/04\/Diego-Huguet.jpg\"><img loading=\"lazy\" decoding=\"async\" class=\"alignnone size-medium wp-image-577\" title=\"Diego Huguet\" src=\"https:\/\/www.amicsdelamarportmao.com\/wp-content\/uploads\/2012\/04\/Diego-Huguet-300x224.jpg\" alt=\"\" width=\"300\" height=\"224\" srcset=\"https:\/\/www.amicsdelamarportmao.com\/wp-content\/uploads\/2012\/04\/Diego-Huguet-300x224.jpg 300w, https:\/\/www.amicsdelamarportmao.com\/wp-content\/uploads\/2012\/04\/Diego-Huguet-250x187.jpg 250w, https:\/\/www.amicsdelamarportmao.com\/wp-content\/uploads\/2012\/04\/Diego-Huguet.jpg 567w\" sizes=\"(max-width: 300px) 100vw, 300px\" \/><\/a><\/p>\n<p><a href=\"https:\/\/www.amicsdelamarportmao.com\/wp-content\/uploads\/2012\/04\/Tornant-al-moll.jpg\"><img loading=\"lazy\" decoding=\"async\" class=\"alignnone size-medium wp-image-578\" title=\"Tornant al moll\" src=\"https:\/\/www.amicsdelamarportmao.com\/wp-content\/uploads\/2012\/04\/Tornant-al-moll-210x300.jpg\" alt=\"\" width=\"210\" height=\"300\" srcset=\"https:\/\/www.amicsdelamarportmao.com\/wp-content\/uploads\/2012\/04\/Tornant-al-moll-210x300.jpg 210w, https:\/\/www.amicsdelamarportmao.com\/wp-content\/uploads\/2012\/04\/Tornant-al-moll-250x356.jpg 250w, https:\/\/www.amicsdelamarportmao.com\/wp-content\/uploads\/2012\/04\/Tornant-al-moll.jpg 398w\" sizes=\"(max-width: 210px) 100vw, 210px\" \/><\/a> <a href=\"https:\/\/www.amicsdelamarportmao.com\/wp-content\/uploads\/2012\/04\/Tornant-al-moll-2.jpg\"><img loading=\"lazy\" decoding=\"async\" class=\"alignnone size-medium wp-image-579\" title=\"Tornant al moll 2\" src=\"https:\/\/www.amicsdelamarportmao.com\/wp-content\/uploads\/2012\/04\/Tornant-al-moll-2-254x300.jpg\" alt=\"\" width=\"254\" height=\"300\" srcset=\"https:\/\/www.amicsdelamarportmao.com\/wp-content\/uploads\/2012\/04\/Tornant-al-moll-2-254x300.jpg 254w, https:\/\/www.amicsdelamarportmao.com\/wp-content\/uploads\/2012\/04\/Tornant-al-moll-2-250x294.jpg 250w, https:\/\/www.amicsdelamarportmao.com\/wp-content\/uploads\/2012\/04\/Tornant-al-moll-2.jpg 481w\" sizes=\"(max-width: 254px) 100vw, 254px\" \/><\/a><\/p>\n<p><a href=\"https:\/\/www.amicsdelamarportmao.com\/wp-content\/uploads\/2012\/04\/Record-Delio.jpg\"><img loading=\"lazy\" decoding=\"async\" class=\"alignnone size-medium wp-image-580\" title=\"Record Delio\" src=\"https:\/\/www.amicsdelamarportmao.com\/wp-content\/uploads\/2012\/04\/Record-Delio-300x249.jpg\" alt=\"\" width=\"300\" height=\"249\" srcset=\"https:\/\/www.amicsdelamarportmao.com\/wp-content\/uploads\/2012\/04\/Record-Delio-300x249.jpg 300w, https:\/\/www.amicsdelamarportmao.com\/wp-content\/uploads\/2012\/04\/Record-Delio-250x208.jpg 250w, https:\/\/www.amicsdelamarportmao.com\/wp-content\/uploads\/2012\/04\/Record-Delio.jpg 567w\" sizes=\"(max-width: 300px) 100vw, 300px\" \/><\/a> <a href=\"https:\/\/www.amicsdelamarportmao.com\/wp-content\/uploads\/2012\/04\/Records-Maria-y-Antonio-i-Taur\u00f3-que-no-hi-van-poder-ser.jpg\"><img loading=\"lazy\" decoding=\"async\" class=\"alignnone size-medium wp-image-581\" title=\"Records Maria y Antonio i Taur\u00f3 que no hi van poder ser\" src=\"https:\/\/www.amicsdelamarportmao.com\/wp-content\/uploads\/2012\/04\/Records-Maria-y-Antonio-i-Taur\u00f3-que-no-hi-van-poder-ser-300x266.jpg\" alt=\"\" width=\"300\" height=\"266\" srcset=\"https:\/\/www.amicsdelamarportmao.com\/wp-content\/uploads\/2012\/04\/Records-Maria-y-Antonio-i-Taur\u00f3-que-no-hi-van-poder-ser-300x266.jpg 300w, https:\/\/www.amicsdelamarportmao.com\/wp-content\/uploads\/2012\/04\/Records-Maria-y-Antonio-i-Taur\u00f3-que-no-hi-van-poder-ser-250x222.jpg 250w, https:\/\/www.amicsdelamarportmao.com\/wp-content\/uploads\/2012\/04\/Records-Maria-y-Antonio-i-Taur\u00f3-que-no-hi-van-poder-ser.jpg 567w\" sizes=\"(max-width: 300px) 100vw, 300px\" \/><\/a><\/p>\n<p><a href=\"https:\/\/www.amicsdelamarportmao.com\/wp-content\/uploads\/2012\/04\/Carregant.jpg\"><img loading=\"lazy\" decoding=\"async\" class=\"alignnone size-medium wp-image-582\" title=\"Carregant\" src=\"https:\/\/www.amicsdelamarportmao.com\/wp-content\/uploads\/2012\/04\/Carregant-224x300.jpg\" alt=\"\" width=\"224\" height=\"300\" srcset=\"https:\/\/www.amicsdelamarportmao.com\/wp-content\/uploads\/2012\/04\/Carregant-224x300.jpg 224w, https:\/\/www.amicsdelamarportmao.com\/wp-content\/uploads\/2012\/04\/Carregant.jpg 425w\" sizes=\"(max-width: 224px) 100vw, 224px\" \/><\/a> <a href=\"https:\/\/www.amicsdelamarportmao.com\/wp-content\/uploads\/2012\/04\/Tornada.jpg\"><img loading=\"lazy\" decoding=\"async\" class=\"alignnone size-medium wp-image-583\" title=\"Tornada\" src=\"https:\/\/www.amicsdelamarportmao.com\/wp-content\/uploads\/2012\/04\/Tornada-242x300.jpg\" alt=\"\" width=\"242\" height=\"300\" srcset=\"https:\/\/www.amicsdelamarportmao.com\/wp-content\/uploads\/2012\/04\/Tornada-242x300.jpg 242w, https:\/\/www.amicsdelamarportmao.com\/wp-content\/uploads\/2012\/04\/Tornada-250x309.jpg 250w, https:\/\/www.amicsdelamarportmao.com\/wp-content\/uploads\/2012\/04\/Tornada.jpg 458w\" sizes=\"(max-width: 242px) 100vw, 242px\" \/><\/a><\/p>\n<p><\/p>","protected":false},"excerpt":{"rendered":"<p>Este pasado fin de semana se ha celebrado la VI Trobada d&#8217;embarcacions tradicionals de vela llatina en Alc\u00fadia, a la que nos hemos desplazado algunos socios con el bote Delio, junto a los compa\u00f1eros de Amics de la Mar de &hellip; <a href=\"https:\/\/www.amicsdelamarportmao.com\/es\/2012\/04\/trobada-dalcudia\/\">Sigue leyendo <span class=\"meta-nav\">&rarr;<\/span><\/a><\/p>\n","protected":false},"author":1,"featured_media":0,"comment_status":"closed","ping_status":"closed","sticky":false,"template":"","format":"standard","meta":{"footnotes":""},"categories":[1],"tags":[],"_links":{"self":[{"href":"https:\/\/www.amicsdelamarportmao.com\/es\/wp-json\/wp\/v2\/posts\/564"}],"collection":[{"href":"https:\/\/www.amicsdelamarportmao.com\/es\/wp-json\/wp\/v2\/posts"}],"about":[{"href":"https:\/\/www.amicsdelamarportmao.com\/es\/wp-json\/wp\/v2\/types\/post"}],"author":[{"embeddable":true,"href":"https:\/\/www.amicsdelamarportmao.com\/es\/wp-json\/wp\/v2\/users\/1"}],"replies":[{"embeddable":true,"href":"https:\/\/www.amicsdelamarportmao.com\/es\/wp-json\/wp\/v2\/comments?post=564"}],"version-history":[{"count":9,"href":"https:\/\/www.amicsdelamarportmao.com\/es\/wp-json\/wp\/v2\/posts\/564\/revisions"}],"predecessor-version":[{"id":589,"href":"https:\/\/www.amicsdelamarportmao.com\/es\/wp-json\/wp\/v2\/posts\/564\/revisions\/589"}],"wp:attachment":[{"href":"https:\/\/www.amicsdelamarportmao.com\/es\/wp-json\/wp\/v2\/media?parent=564"}],"wp:term":[{"taxonomy":"category","embeddable":true,"href":"https:\/\/www.amicsdelamarportmao.com\/es\/wp-json\/wp\/v2\/categories?post=564"},{"taxonomy":"post_tag","embeddable":true,"href":"https:\/\/www.amicsdelamarportmao.com\/es\/wp-json\/wp\/v2\/tags?post=564"}],"curies":[{"name":"wp","href":"https:\/\/api.w.org\/{rel}","templated":true}]}}