{"id":640,"date":"2012-05-24T22:00:59","date_gmt":"2012-05-24T20:00:59","guid":{"rendered":"https:\/\/www.amicsdelamarportmao.com\/?p=640"},"modified":"2012-05-24T22:03:03","modified_gmt":"2012-05-24T20:03:03","slug":"dissabte-de-visita","status":"publish","type":"post","link":"https:\/\/www.amicsdelamarportmao.com\/es\/2012\/05\/dissabte-de-visita\/","title":{"rendered":"S\u00e1bado de visita"},"content":{"rendered":"<p><\/p>\n<p>El pasado s\u00e1bado debido al mal tiempo se aplaz\u00f3 la Trobada de Cala Galdana, por lo que algunos socios aprovechamos, junto a los compa\u00f1eros de Ciutadella par visitar el gale\u00f3n La Pepa, que permanece unos d\u00edas amarrado en nuestro puerto.<\/p>\n<p>A continuaci\u00f3n nos trasladamos a la isla Plana para darles a conocer sobre el terreno, el proyecto que deseamos llevar a cabo en ella.<\/p>\n<p>Finalizando la jornada con una comida en la punta de Es Castell.<\/p>\n<p><a href=\"https:\/\/www.amicsdelamarportmao.com\/wp-content\/uploads\/2012\/05\/a-la-pepa1.jpg\"><img loading=\"lazy\" decoding=\"async\" class=\"alignleft size-medium wp-image-645\" title=\"a la pepa\" src=\"https:\/\/www.amicsdelamarportmao.com\/wp-content\/uploads\/2012\/05\/a-la-pepa1-300x225.jpg\" alt=\"\" width=\"300\" height=\"225\" srcset=\"https:\/\/www.amicsdelamarportmao.com\/wp-content\/uploads\/2012\/05\/a-la-pepa1-300x225.jpg 300w, https:\/\/www.amicsdelamarportmao.com\/wp-content\/uploads\/2012\/05\/a-la-pepa1-250x187.jpg 250w, https:\/\/www.amicsdelamarportmao.com\/wp-content\/uploads\/2012\/05\/a-la-pepa1.jpg 850w\" sizes=\"(max-width: 300px) 100vw, 300px\" \/><\/a><a href=\"https:\/\/www.amicsdelamarportmao.com\/wp-content\/uploads\/2012\/05\/Foto-grup1.jpg\"><img loading=\"lazy\" decoding=\"async\" class=\"alignnone size-medium wp-image-646\" title=\"OLYMPUS DIGITAL CAMERA\" src=\"https:\/\/www.amicsdelamarportmao.com\/wp-content\/uploads\/2012\/05\/Foto-grup1-300x225.jpg\" alt=\"\" width=\"300\" height=\"225\" srcset=\"https:\/\/www.amicsdelamarportmao.com\/wp-content\/uploads\/2012\/05\/Foto-grup1-300x225.jpg 300w, https:\/\/www.amicsdelamarportmao.com\/wp-content\/uploads\/2012\/05\/Foto-grup1-250x187.jpg 250w, https:\/\/www.amicsdelamarportmao.com\/wp-content\/uploads\/2012\/05\/Foto-grup1.jpg 850w\" sizes=\"(max-width: 300px) 100vw, 300px\" \/><\/a><\/p>\n<p><a href=\"https:\/\/www.amicsdelamarportmao.com\/wp-content\/uploads\/2012\/05\/visita-i.-plana1.jpg\"><img loading=\"lazy\" decoding=\"async\" class=\"alignleft size-medium wp-image-647\" title=\"visita i. plana\" src=\"https:\/\/www.amicsdelamarportmao.com\/wp-content\/uploads\/2012\/05\/visita-i.-plana1-300x225.jpg\" alt=\"\" width=\"300\" height=\"225\" srcset=\"https:\/\/www.amicsdelamarportmao.com\/wp-content\/uploads\/2012\/05\/visita-i.-plana1-300x225.jpg 300w, https:\/\/www.amicsdelamarportmao.com\/wp-content\/uploads\/2012\/05\/visita-i.-plana1-250x187.jpg 250w, https:\/\/www.amicsdelamarportmao.com\/wp-content\/uploads\/2012\/05\/visita-i.-plana1.jpg 850w\" sizes=\"(max-width: 300px) 100vw, 300px\" \/><\/a><a href=\"https:\/\/www.amicsdelamarportmao.com\/wp-content\/uploads\/2012\/05\/visita-i.-plana21.jpg\"><img loading=\"lazy\" decoding=\"async\" class=\"alignnone size-medium wp-image-648\" title=\"visita i. plana2\" src=\"https:\/\/www.amicsdelamarportmao.com\/wp-content\/uploads\/2012\/05\/visita-i.-plana21-300x225.jpg\" alt=\"\" width=\"300\" height=\"225\" srcset=\"https:\/\/www.amicsdelamarportmao.com\/wp-content\/uploads\/2012\/05\/visita-i.-plana21-300x225.jpg 300w, https:\/\/www.amicsdelamarportmao.com\/wp-content\/uploads\/2012\/05\/visita-i.-plana21-250x187.jpg 250w, https:\/\/www.amicsdelamarportmao.com\/wp-content\/uploads\/2012\/05\/visita-i.-plana21.jpg 850w\" sizes=\"(max-width: 300px) 100vw, 300px\" \/><\/a><\/p>\n<p><\/p>","protected":false},"excerpt":{"rendered":"<p>El pasado s\u00e1bado debido al mal tiempo se aplaz\u00f3 la Trobada de Cala Galdana, por lo que algunos socios aprovechamos, junto a los compa\u00f1eros de Ciutadella par visitar el gale\u00f3n La Pepa, que permanece unos d\u00edas amarrado en nuestro puerto. &hellip; <a href=\"https:\/\/www.amicsdelamarportmao.com\/es\/2012\/05\/dissabte-de-visita\/\">Sigue leyendo <span class=\"meta-nav\">&rarr;<\/span><\/a><\/p>\n","protected":false},"author":1,"featured_media":0,"comment_status":"closed","ping_status":"closed","sticky":false,"template":"","format":"standard","meta":{"footnotes":""},"categories":[1],"tags":[],"_links":{"self":[{"href":"https:\/\/www.amicsdelamarportmao.com\/es\/wp-json\/wp\/v2\/posts\/640"}],"collection":[{"href":"https:\/\/www.amicsdelamarportmao.com\/es\/wp-json\/wp\/v2\/posts"}],"about":[{"href":"https:\/\/www.amicsdelamarportmao.com\/es\/wp-json\/wp\/v2\/types\/post"}],"author":[{"embeddable":true,"href":"https:\/\/www.amicsdelamarportmao.com\/es\/wp-json\/wp\/v2\/users\/1"}],"replies":[{"embeddable":true,"href":"https:\/\/www.amicsdelamarportmao.com\/es\/wp-json\/wp\/v2\/comments?post=640"}],"version-history":[{"count":3,"href":"https:\/\/www.amicsdelamarportmao.com\/es\/wp-json\/wp\/v2\/posts\/640\/revisions"}],"predecessor-version":[{"id":650,"href":"https:\/\/www.amicsdelamarportmao.com\/es\/wp-json\/wp\/v2\/posts\/640\/revisions\/650"}],"wp:attachment":[{"href":"https:\/\/www.amicsdelamarportmao.com\/es\/wp-json\/wp\/v2\/media?parent=640"}],"wp:term":[{"taxonomy":"category","embeddable":true,"href":"https:\/\/www.amicsdelamarportmao.com\/es\/wp-json\/wp\/v2\/categories?post=640"},{"taxonomy":"post_tag","embeddable":true,"href":"https:\/\/www.amicsdelamarportmao.com\/es\/wp-json\/wp\/v2\/tags?post=640"}],"curies":[{"name":"wp","href":"https:\/\/api.w.org\/{rel}","templated":true}]}}