{"id":653,"date":"2012-06-05T23:25:55","date_gmt":"2012-06-05T21:25:55","guid":{"rendered":"https:\/\/www.amicsdelamarportmao.com\/?p=653"},"modified":"2012-06-06T23:19:08","modified_gmt":"2012-06-06T21:19:08","slug":"fems-i-deixalles-de-lilla-plana","status":"publish","type":"post","link":"https:\/\/www.amicsdelamarportmao.com\/es\/2012\/06\/fems-i-deixalles-de-lilla-plana\/","title":{"rendered":"Basura y desechos de la isla Plana"},"content":{"rendered":"<p>Este fin de semana un grupo de socios hemos continuado los trabajos de limpieza de la isla Plana con el fin de\u00a0 poder celebrar en ella Sant Pere 2012, el proximo 30 de Junio y 1 de Julio, el pinar ya esta desbrozado\u00a0 para comer en \u00e9l disfrutando de su sombra.\u00a0 Se ha recogido suficiente basura y desechos para llenar el T\u00f3fol c\u00f3mo se puede apreciar en las im\u00e1genes.<\/p>\n<p><a href=\"https:\/\/www.amicsdelamarportmao.com\/wp-content\/uploads\/2012\/06\/Feina-feta-al-pinar1.jpg\"><img loading=\"lazy\" decoding=\"async\" class=\"alignleft size-medium wp-image-663\" title=\"SAMSUNG\" src=\"https:\/\/www.amicsdelamarportmao.com\/wp-content\/uploads\/2012\/06\/Feina-feta-al-pinar1-300x225.jpg\" alt=\"\" width=\"300\" height=\"225\" srcset=\"https:\/\/www.amicsdelamarportmao.com\/wp-content\/uploads\/2012\/06\/Feina-feta-al-pinar1-300x225.jpg 300w, https:\/\/www.amicsdelamarportmao.com\/wp-content\/uploads\/2012\/06\/Feina-feta-al-pinar1-250x187.jpg 250w, https:\/\/www.amicsdelamarportmao.com\/wp-content\/uploads\/2012\/06\/Feina-feta-al-pinar1.jpg 850w\" sizes=\"(max-width: 300px) 100vw, 300px\" \/><\/a><a href=\"https:\/\/www.amicsdelamarportmao.com\/wp-content\/uploads\/2012\/06\/Carregant-el-T\u00f3fol1.jpg\"><img loading=\"lazy\" decoding=\"async\" class=\"alignnone size-medium wp-image-664\" title=\"SAMSUNG\" src=\"https:\/\/www.amicsdelamarportmao.com\/wp-content\/uploads\/2012\/06\/Carregant-el-T\u00f3fol1-300x225.jpg\" alt=\"\" width=\"300\" height=\"225\" srcset=\"https:\/\/www.amicsdelamarportmao.com\/wp-content\/uploads\/2012\/06\/Carregant-el-T\u00f3fol1-300x225.jpg 300w, https:\/\/www.amicsdelamarportmao.com\/wp-content\/uploads\/2012\/06\/Carregant-el-T\u00f3fol1-250x187.jpg 250w, https:\/\/www.amicsdelamarportmao.com\/wp-content\/uploads\/2012\/06\/Carregant-el-T\u00f3fol1.jpg 850w\" sizes=\"(max-width: 300px) 100vw, 300px\" \/><\/a><\/p>\n<p><a href=\"https:\/\/www.amicsdelamarportmao.com\/wp-content\/uploads\/2012\/06\/Ben-carregat2.jpg\"><img loading=\"lazy\" decoding=\"async\" class=\"alignnone size-medium wp-image-665\" title=\"SAMSUNG\" src=\"https:\/\/www.amicsdelamarportmao.com\/wp-content\/uploads\/2012\/06\/Ben-carregat2-300x225.jpg\" alt=\"\" width=\"300\" height=\"225\" srcset=\"https:\/\/www.amicsdelamarportmao.com\/wp-content\/uploads\/2012\/06\/Ben-carregat2-300x225.jpg 300w, https:\/\/www.amicsdelamarportmao.com\/wp-content\/uploads\/2012\/06\/Ben-carregat2-250x187.jpg 250w, https:\/\/www.amicsdelamarportmao.com\/wp-content\/uploads\/2012\/06\/Ben-carregat2.jpg 850w\" sizes=\"(max-width: 300px) 100vw, 300px\" \/><\/a>\u00a0\u00a0\u00a0\u00a0 <a href=\"https:\/\/www.amicsdelamarportmao.com\/wp-content\/uploads\/2012\/06\/T\u00f3fol-carregat-de-fems-de-lilla-Plana1.jpg\"><img loading=\"lazy\" decoding=\"async\" class=\"alignnone size-medium wp-image-666\" title=\"SAMSUNG\" src=\"https:\/\/www.amicsdelamarportmao.com\/wp-content\/uploads\/2012\/06\/T\u00f3fol-carregat-de-fems-de-lilla-Plana1-225x300.jpg\" alt=\"\" width=\"225\" height=\"300\" srcset=\"https:\/\/www.amicsdelamarportmao.com\/wp-content\/uploads\/2012\/06\/T\u00f3fol-carregat-de-fems-de-lilla-Plana1-225x300.jpg 225w, https:\/\/www.amicsdelamarportmao.com\/wp-content\/uploads\/2012\/06\/T\u00f3fol-carregat-de-fems-de-lilla-Plana1-250x333.jpg 250w, https:\/\/www.amicsdelamarportmao.com\/wp-content\/uploads\/2012\/06\/T\u00f3fol-carregat-de-fems-de-lilla-Plana1.jpg 638w\" sizes=\"(max-width: 225px) 100vw, 225px\" \/><\/a><\/p>\n<p><a href=\"https:\/\/www.amicsdelamarportmao.com\/wp-content\/uploads\/2012\/06\/Popa1.jpg\"><img loading=\"lazy\" decoding=\"async\" class=\"alignnone size-medium wp-image-667\" title=\"SAMSUNG\" src=\"https:\/\/www.amicsdelamarportmao.com\/wp-content\/uploads\/2012\/06\/Popa1-225x300.jpg\" alt=\"\" width=\"225\" height=\"300\" srcset=\"https:\/\/www.amicsdelamarportmao.com\/wp-content\/uploads\/2012\/06\/Popa1-225x300.jpg 225w, https:\/\/www.amicsdelamarportmao.com\/wp-content\/uploads\/2012\/06\/Popa1-250x333.jpg 250w, https:\/\/www.amicsdelamarportmao.com\/wp-content\/uploads\/2012\/06\/Popa1.jpg 638w\" sizes=\"(max-width: 225px) 100vw, 225px\" \/><\/a><\/p>","protected":false},"excerpt":{"rendered":"<p>Este fin de semana un grupo de socios hemos continuado los trabajos de limpieza de la isla Plana con el fin de\u00a0 poder celebrar en ella Sant Pere 2012, el proximo 30 de Junio y 1 de Julio, el pinar &hellip; <a href=\"https:\/\/www.amicsdelamarportmao.com\/es\/2012\/06\/fems-i-deixalles-de-lilla-plana\/\">Sigue leyendo <span class=\"meta-nav\">&rarr;<\/span><\/a><\/p>\n","protected":false},"author":1,"featured_media":0,"comment_status":"closed","ping_status":"closed","sticky":false,"template":"","format":"standard","meta":{"footnotes":""},"categories":[1],"tags":[],"_links":{"self":[{"href":"https:\/\/www.amicsdelamarportmao.com\/es\/wp-json\/wp\/v2\/posts\/653"}],"collection":[{"href":"https:\/\/www.amicsdelamarportmao.com\/es\/wp-json\/wp\/v2\/posts"}],"about":[{"href":"https:\/\/www.amicsdelamarportmao.com\/es\/wp-json\/wp\/v2\/types\/post"}],"author":[{"embeddable":true,"href":"https:\/\/www.amicsdelamarportmao.com\/es\/wp-json\/wp\/v2\/users\/1"}],"replies":[{"embeddable":true,"href":"https:\/\/www.amicsdelamarportmao.com\/es\/wp-json\/wp\/v2\/comments?post=653"}],"version-history":[{"count":4,"href":"https:\/\/www.amicsdelamarportmao.com\/es\/wp-json\/wp\/v2\/posts\/653\/revisions"}],"predecessor-version":[{"id":662,"href":"https:\/\/www.amicsdelamarportmao.com\/es\/wp-json\/wp\/v2\/posts\/653\/revisions\/662"}],"wp:attachment":[{"href":"https:\/\/www.amicsdelamarportmao.com\/es\/wp-json\/wp\/v2\/media?parent=653"}],"wp:term":[{"taxonomy":"category","embeddable":true,"href":"https:\/\/www.amicsdelamarportmao.com\/es\/wp-json\/wp\/v2\/categories?post=653"},{"taxonomy":"post_tag","embeddable":true,"href":"https:\/\/www.amicsdelamarportmao.com\/es\/wp-json\/wp\/v2\/tags?post=653"}],"curies":[{"name":"wp","href":"https:\/\/api.w.org\/{rel}","templated":true}]}}