{"id":886,"date":"2013-04-12T10:11:02","date_gmt":"2013-04-12T08:11:02","guid":{"rendered":"https:\/\/www.amicsdelamarportmao.com\/?p=886"},"modified":"2013-04-12T10:23:18","modified_gmt":"2013-04-12T08:23:18","slug":"cala-fons-ii-feines-de-planimetria","status":"publish","type":"post","link":"https:\/\/www.amicsdelamarportmao.com\/es\/2013\/04\/cala-fons-ii-feines-de-planimetria\/","title":{"rendered":"CALA FONS II trabajos de planimetr\u00eda"},"content":{"rendered":"<p>Hemos iniciado los trabajos de recuperaci\u00f3n del <strong><em>CALA FONS II.<\/em><\/strong><\/p>\n<p>Josep Andr\u00e9s ya esta trabajando en la elaboraci\u00f3n de la planimetr\u00eda, para la realizaci\u00f3n del proyecto t\u00e9cnico, necesario para la recuperaci\u00f3n de la embarcaci\u00f3n.<\/p>\n<p>Aqu\u00ed ten\u00e9is unas im\u00e1genes.<\/p>\n<p><a href=\"https:\/\/www.amicsdelamarportmao.com\/wp-content\/uploads\/2013\/04\/Cala-Fons-II-61.jpg\"><img loading=\"lazy\" decoding=\"async\" class=\"alignleft size-medium wp-image-887\" alt=\"Planimetria 1\" src=\"https:\/\/www.amicsdelamarportmao.com\/wp-content\/uploads\/2013\/04\/Cala-Fons-II-61-225x300.jpg\" width=\"225\" height=\"300\" srcset=\"https:\/\/www.amicsdelamarportmao.com\/wp-content\/uploads\/2013\/04\/Cala-Fons-II-61-225x300.jpg 225w, https:\/\/www.amicsdelamarportmao.com\/wp-content\/uploads\/2013\/04\/Cala-Fons-II-61-768x1024.jpg 768w, https:\/\/www.amicsdelamarportmao.com\/wp-content\/uploads\/2013\/04\/Cala-Fons-II-61-250x333.jpg 250w, https:\/\/www.amicsdelamarportmao.com\/wp-content\/uploads\/2013\/04\/Cala-Fons-II-61.jpg 900w\" sizes=\"(max-width: 225px) 100vw, 225px\" \/><\/a><a href=\"https:\/\/www.amicsdelamarportmao.com\/wp-content\/uploads\/2013\/04\/Cala-Fons-II-5.jpg\"><img loading=\"lazy\" decoding=\"async\" class=\"alignnone size-medium wp-image-890\" alt=\"planimetria\" src=\"https:\/\/www.amicsdelamarportmao.com\/wp-content\/uploads\/2013\/04\/Cala-Fons-II-5-225x300.jpg\" width=\"225\" height=\"300\" srcset=\"https:\/\/www.amicsdelamarportmao.com\/wp-content\/uploads\/2013\/04\/Cala-Fons-II-5-225x300.jpg 225w, https:\/\/www.amicsdelamarportmao.com\/wp-content\/uploads\/2013\/04\/Cala-Fons-II-5-768x1024.jpg 768w, https:\/\/www.amicsdelamarportmao.com\/wp-content\/uploads\/2013\/04\/Cala-Fons-II-5-250x333.jpg 250w, https:\/\/www.amicsdelamarportmao.com\/wp-content\/uploads\/2013\/04\/Cala-Fons-II-5.jpg 900w\" sizes=\"(max-width: 225px) 100vw, 225px\" \/><\/a><\/p>\n<p><a href=\"https:\/\/www.amicsdelamarportmao.com\/wp-content\/uploads\/2013\/04\/Cala-Fons-II-3.jpg\"><img loading=\"lazy\" decoding=\"async\" class=\"alignleft size-medium wp-image-891\" alt=\"planimetria 3\" src=\"https:\/\/www.amicsdelamarportmao.com\/wp-content\/uploads\/2013\/04\/Cala-Fons-II-3-225x300.jpg\" width=\"225\" height=\"300\" srcset=\"https:\/\/www.amicsdelamarportmao.com\/wp-content\/uploads\/2013\/04\/Cala-Fons-II-3-225x300.jpg 225w, https:\/\/www.amicsdelamarportmao.com\/wp-content\/uploads\/2013\/04\/Cala-Fons-II-3-768x1024.jpg 768w, https:\/\/www.amicsdelamarportmao.com\/wp-content\/uploads\/2013\/04\/Cala-Fons-II-3-250x333.jpg 250w, https:\/\/www.amicsdelamarportmao.com\/wp-content\/uploads\/2013\/04\/Cala-Fons-II-3.jpg 900w\" sizes=\"(max-width: 225px) 100vw, 225px\" \/><\/a><a href=\"https:\/\/www.amicsdelamarportmao.com\/wp-content\/uploads\/2013\/04\/Cala-Fons-II-8.jpg\"><img loading=\"lazy\" decoding=\"async\" class=\"alignnone size-medium wp-image-892\" alt=\"planimetria 4\" src=\"https:\/\/www.amicsdelamarportmao.com\/wp-content\/uploads\/2013\/04\/Cala-Fons-II-8-225x300.jpg\" width=\"225\" height=\"300\" srcset=\"https:\/\/www.amicsdelamarportmao.com\/wp-content\/uploads\/2013\/04\/Cala-Fons-II-8-225x300.jpg 225w, https:\/\/www.amicsdelamarportmao.com\/wp-content\/uploads\/2013\/04\/Cala-Fons-II-8-768x1024.jpg 768w, https:\/\/www.amicsdelamarportmao.com\/wp-content\/uploads\/2013\/04\/Cala-Fons-II-8-250x333.jpg 250w, https:\/\/www.amicsdelamarportmao.com\/wp-content\/uploads\/2013\/04\/Cala-Fons-II-8.jpg 900w\" sizes=\"(max-width: 225px) 100vw, 225px\" \/><\/a><\/p>\n<p>\u00a0<\/p>\n<p><a href=\"https:\/\/www.amicsdelamarportmao.com\/wp-content\/uploads\/2013\/04\/Cala-Fons-II-9.jpg\"><img loading=\"lazy\" decoding=\"async\" class=\"alignleft size-medium wp-image-893\" alt=\"planimetria 5\" src=\"https:\/\/www.amicsdelamarportmao.com\/wp-content\/uploads\/2013\/04\/Cala-Fons-II-9-225x300.jpg\" width=\"225\" height=\"300\" srcset=\"https:\/\/www.amicsdelamarportmao.com\/wp-content\/uploads\/2013\/04\/Cala-Fons-II-9-225x300.jpg 225w, https:\/\/www.amicsdelamarportmao.com\/wp-content\/uploads\/2013\/04\/Cala-Fons-II-9-768x1024.jpg 768w, https:\/\/www.amicsdelamarportmao.com\/wp-content\/uploads\/2013\/04\/Cala-Fons-II-9-250x333.jpg 250w, https:\/\/www.amicsdelamarportmao.com\/wp-content\/uploads\/2013\/04\/Cala-Fons-II-9.jpg 900w\" sizes=\"(max-width: 225px) 100vw, 225px\" \/><\/a><a href=\"https:\/\/www.amicsdelamarportmao.com\/wp-content\/uploads\/2013\/04\/Cala-Fons-II-7.jpg\"><img loading=\"lazy\" decoding=\"async\" class=\"alignnone size-medium wp-image-894\" alt=\"planimetria 6\" src=\"https:\/\/www.amicsdelamarportmao.com\/wp-content\/uploads\/2013\/04\/Cala-Fons-II-7-225x300.jpg\" width=\"225\" height=\"300\" srcset=\"https:\/\/www.amicsdelamarportmao.com\/wp-content\/uploads\/2013\/04\/Cala-Fons-II-7-225x300.jpg 225w, https:\/\/www.amicsdelamarportmao.com\/wp-content\/uploads\/2013\/04\/Cala-Fons-II-7-768x1024.jpg 768w, https:\/\/www.amicsdelamarportmao.com\/wp-content\/uploads\/2013\/04\/Cala-Fons-II-7-250x333.jpg 250w, https:\/\/www.amicsdelamarportmao.com\/wp-content\/uploads\/2013\/04\/Cala-Fons-II-7.jpg 900w\" sizes=\"(max-width: 225px) 100vw, 225px\" \/><\/a><\/p>\n<p>\u00a0<\/p>\n<p><a href=\"https:\/\/www.amicsdelamarportmao.com\/wp-content\/uploads\/2013\/04\/Cala-Fons-II-2.jpg\"><img loading=\"lazy\" decoding=\"async\" class=\"alignleft size-medium wp-image-895\" alt=\"planimetria 7\" src=\"https:\/\/www.amicsdelamarportmao.com\/wp-content\/uploads\/2013\/04\/Cala-Fons-II-2-223x300.jpg\" width=\"223\" height=\"300\" srcset=\"https:\/\/www.amicsdelamarportmao.com\/wp-content\/uploads\/2013\/04\/Cala-Fons-II-2-223x300.jpg 223w, https:\/\/www.amicsdelamarportmao.com\/wp-content\/uploads\/2013\/04\/Cala-Fons-II-2-761x1024.jpg 761w, https:\/\/www.amicsdelamarportmao.com\/wp-content\/uploads\/2013\/04\/Cala-Fons-II-2-250x336.jpg 250w, https:\/\/www.amicsdelamarportmao.com\/wp-content\/uploads\/2013\/04\/Cala-Fons-II-2.jpg 892w\" sizes=\"(max-width: 223px) 100vw, 223px\" \/><\/a><a href=\"https:\/\/www.amicsdelamarportmao.com\/wp-content\/uploads\/2013\/04\/Cala-Fons-II-4.jpg\"><img loading=\"lazy\" decoding=\"async\" class=\"alignnone size-medium wp-image-896\" alt=\"planimetria 8\" src=\"https:\/\/www.amicsdelamarportmao.com\/wp-content\/uploads\/2013\/04\/Cala-Fons-II-4-218x300.jpg\" width=\"218\" height=\"300\" srcset=\"https:\/\/www.amicsdelamarportmao.com\/wp-content\/uploads\/2013\/04\/Cala-Fons-II-4-218x300.jpg 218w, https:\/\/www.amicsdelamarportmao.com\/wp-content\/uploads\/2013\/04\/Cala-Fons-II-4-744x1024.jpg 744w, https:\/\/www.amicsdelamarportmao.com\/wp-content\/uploads\/2013\/04\/Cala-Fons-II-4-250x343.jpg 250w, https:\/\/www.amicsdelamarportmao.com\/wp-content\/uploads\/2013\/04\/Cala-Fons-II-4.jpg 872w\" sizes=\"(max-width: 218px) 100vw, 218px\" \/><\/a><\/p>\n<p><a href=\"https:\/\/www.amicsdelamarportmao.com\/wp-content\/uploads\/2013\/04\/Cala-Fons-II-1.jpg\"><img loading=\"lazy\" decoding=\"async\" class=\"aligncenter size-medium wp-image-897\" alt=\"il\u00b7lusi\u00f3\" src=\"https:\/\/www.amicsdelamarportmao.com\/wp-content\/uploads\/2013\/04\/Cala-Fons-II-1-225x300.jpg\" width=\"225\" height=\"300\" srcset=\"https:\/\/www.amicsdelamarportmao.com\/wp-content\/uploads\/2013\/04\/Cala-Fons-II-1-225x300.jpg 225w, https:\/\/www.amicsdelamarportmao.com\/wp-content\/uploads\/2013\/04\/Cala-Fons-II-1-768x1024.jpg 768w, https:\/\/www.amicsdelamarportmao.com\/wp-content\/uploads\/2013\/04\/Cala-Fons-II-1-250x333.jpg 250w, https:\/\/www.amicsdelamarportmao.com\/wp-content\/uploads\/2013\/04\/Cala-Fons-II-1.jpg 900w\" sizes=\"(max-width: 225px) 100vw, 225px\" \/><\/a><\/p>","protected":false},"excerpt":{"rendered":"<p>Hemos iniciado los trabajos de recuperaci\u00f3n del CALA FONS II. Josep Andr\u00e9s ya esta trabajando en la elaboraci\u00f3n de la planimetr\u00eda, para la realizaci\u00f3n del proyecto t\u00e9cnico, necesario para la recuperaci\u00f3n de la embarcaci\u00f3n. Aqu\u00ed ten\u00e9is unas im\u00e1genes. \u00a0 \u00a0<\/p>\n","protected":false},"author":1,"featured_media":0,"comment_status":"closed","ping_status":"closed","sticky":false,"template":"","format":"standard","meta":{"footnotes":""},"categories":[1],"tags":[],"_links":{"self":[{"href":"https:\/\/www.amicsdelamarportmao.com\/es\/wp-json\/wp\/v2\/posts\/886"}],"collection":[{"href":"https:\/\/www.amicsdelamarportmao.com\/es\/wp-json\/wp\/v2\/posts"}],"about":[{"href":"https:\/\/www.amicsdelamarportmao.com\/es\/wp-json\/wp\/v2\/types\/post"}],"author":[{"embeddable":true,"href":"https:\/\/www.amicsdelamarportmao.com\/es\/wp-json\/wp\/v2\/users\/1"}],"replies":[{"embeddable":true,"href":"https:\/\/www.amicsdelamarportmao.com\/es\/wp-json\/wp\/v2\/comments?post=886"}],"version-history":[{"count":8,"href":"https:\/\/www.amicsdelamarportmao.com\/es\/wp-json\/wp\/v2\/posts\/886\/revisions"}],"predecessor-version":[{"id":903,"href":"https:\/\/www.amicsdelamarportmao.com\/es\/wp-json\/wp\/v2\/posts\/886\/revisions\/903"}],"wp:attachment":[{"href":"https:\/\/www.amicsdelamarportmao.com\/es\/wp-json\/wp\/v2\/media?parent=886"}],"wp:term":[{"taxonomy":"category","embeddable":true,"href":"https:\/\/www.amicsdelamarportmao.com\/es\/wp-json\/wp\/v2\/categories?post=886"},{"taxonomy":"post_tag","embeddable":true,"href":"https:\/\/www.amicsdelamarportmao.com\/es\/wp-json\/wp\/v2\/tags?post=886"}],"curies":[{"name":"wp","href":"https:\/\/api.w.org\/{rel}","templated":true}]}}