{"id":909,"date":"2013-05-20T19:15:58","date_gmt":"2013-05-20T17:15:58","guid":{"rendered":"https:\/\/www.amicsdelamarportmao.com\/?p=909"},"modified":"2013-05-20T19:17:10","modified_gmt":"2013-05-20T17:17:10","slug":"reconeixement-a-nen-gustau-juan-i-benejam","status":"publish","type":"post","link":"https:\/\/www.amicsdelamarportmao.com\/es\/2013\/05\/reconeixement-a-nen-gustau-juan-i-benejam\/","title":{"rendered":"Reconocimiento a Gustau Juan i Benejam"},"content":{"rendered":"<p>El pasado s\u00e1bado se hizo entrega de una maqueta del <strong><em>Cala Fons II<\/em><\/strong> a <strong><em>Gustau Juan i Benejam<\/em><\/strong> c\u00f3mo agradecimiento a su inestimable colaboraci\u00f3n durante tantos a\u00f1os ocupando la secretar\u00eda de la Asociaci\u00f3n, esperamos seguir contando con su participaci\u00f3n y colaboraci\u00f3n entre nosotros, despu\u00e9s de su retorno a Ciutadella.<\/p>\n<p><a href=\"https:\/\/www.amicsdelamarportmao.com\/wp-content\/uploads\/2013\/05\/regal-Gustau-2.jpg\"><img loading=\"lazy\" decoding=\"async\" class=\"alignleft size-medium wp-image-910\" alt=\"reconeixement Gustau 1\" src=\"https:\/\/www.amicsdelamarportmao.com\/wp-content\/uploads\/2013\/05\/regal-Gustau-2-300x224.jpg\" width=\"300\" height=\"224\" srcset=\"https:\/\/www.amicsdelamarportmao.com\/wp-content\/uploads\/2013\/05\/regal-Gustau-2-300x224.jpg 300w, https:\/\/www.amicsdelamarportmao.com\/wp-content\/uploads\/2013\/05\/regal-Gustau-2-250x187.jpg 250w, https:\/\/www.amicsdelamarportmao.com\/wp-content\/uploads\/2013\/05\/regal-Gustau-2.jpg 567w\" sizes=\"(max-width: 300px) 100vw, 300px\" \/><\/a><\/p>\n<p><a href=\"https:\/\/www.amicsdelamarportmao.com\/wp-content\/uploads\/2013\/05\/regal-Gustau-5.jpg\"><img loading=\"lazy\" decoding=\"async\" class=\"alignnone size-medium wp-image-911\" alt=\"reconeixement Gustau 2\" src=\"https:\/\/www.amicsdelamarportmao.com\/wp-content\/uploads\/2013\/05\/regal-Gustau-5-300x224.jpg\" width=\"300\" height=\"224\" srcset=\"https:\/\/www.amicsdelamarportmao.com\/wp-content\/uploads\/2013\/05\/regal-Gustau-5-300x224.jpg 300w, https:\/\/www.amicsdelamarportmao.com\/wp-content\/uploads\/2013\/05\/regal-Gustau-5-250x187.jpg 250w, https:\/\/www.amicsdelamarportmao.com\/wp-content\/uploads\/2013\/05\/regal-Gustau-5.jpg 567w\" sizes=\"(max-width: 300px) 100vw, 300px\" \/><\/a><\/p>\n<p><a href=\"https:\/\/www.amicsdelamarportmao.com\/wp-content\/uploads\/2013\/05\/regal-Gustau-4.jpg\"><img loading=\"lazy\" decoding=\"async\" class=\"alignleft size-medium wp-image-913\" alt=\"reconeixement Gustau 4\" src=\"https:\/\/www.amicsdelamarportmao.com\/wp-content\/uploads\/2013\/05\/regal-Gustau-4-224x300.jpg\" width=\"224\" height=\"300\" srcset=\"https:\/\/www.amicsdelamarportmao.com\/wp-content\/uploads\/2013\/05\/regal-Gustau-4-224x300.jpg 224w, https:\/\/www.amicsdelamarportmao.com\/wp-content\/uploads\/2013\/05\/regal-Gustau-4.jpg 425w\" sizes=\"(max-width: 224px) 100vw, 224px\" \/><\/a><a href=\"https:\/\/www.amicsdelamarportmao.com\/wp-content\/uploads\/2013\/05\/regal-Gustau-3.jpg\"><img loading=\"lazy\" decoding=\"async\" class=\"alignnone size-medium wp-image-914\" alt=\"reconeixement Gustau 5\" src=\"https:\/\/www.amicsdelamarportmao.com\/wp-content\/uploads\/2013\/05\/regal-Gustau-3-224x300.jpg\" width=\"224\" height=\"300\" srcset=\"https:\/\/www.amicsdelamarportmao.com\/wp-content\/uploads\/2013\/05\/regal-Gustau-3-224x300.jpg 224w, https:\/\/www.amicsdelamarportmao.com\/wp-content\/uploads\/2013\/05\/regal-Gustau-3.jpg 425w\" sizes=\"(max-width: 224px) 100vw, 224px\" \/><\/a><\/p>\n<p><a href=\"https:\/\/www.amicsdelamarportmao.com\/wp-content\/uploads\/2013\/05\/regal-Gustau-1.jpg\"><img loading=\"lazy\" decoding=\"async\" class=\"alignleft size-medium wp-image-912\" alt=\"reconeixement Gustau 3\" src=\"https:\/\/www.amicsdelamarportmao.com\/wp-content\/uploads\/2013\/05\/regal-Gustau-1-300x224.jpg\" width=\"300\" height=\"224\" srcset=\"https:\/\/www.amicsdelamarportmao.com\/wp-content\/uploads\/2013\/05\/regal-Gustau-1-300x224.jpg 300w, https:\/\/www.amicsdelamarportmao.com\/wp-content\/uploads\/2013\/05\/regal-Gustau-1-250x187.jpg 250w, https:\/\/www.amicsdelamarportmao.com\/wp-content\/uploads\/2013\/05\/regal-Gustau-1.jpg 567w\" sizes=\"(max-width: 300px) 100vw, 300px\" \/><\/a><\/p>","protected":false},"excerpt":{"rendered":"<p>El pasado s\u00e1bado se hizo entrega de una maqueta del Cala Fons II a Gustau Juan i Benejam c\u00f3mo agradecimiento a su inestimable colaboraci\u00f3n durante tantos a\u00f1os ocupando la secretar\u00eda de la Asociaci\u00f3n, esperamos seguir contando con su participaci\u00f3n y &hellip; <a href=\"https:\/\/www.amicsdelamarportmao.com\/es\/2013\/05\/reconeixement-a-nen-gustau-juan-i-benejam\/\">Sigue leyendo <span class=\"meta-nav\">&rarr;<\/span><\/a><\/p>\n","protected":false},"author":1,"featured_media":0,"comment_status":"closed","ping_status":"closed","sticky":false,"template":"","format":"standard","meta":{"footnotes":""},"categories":[1],"tags":[],"_links":{"self":[{"href":"https:\/\/www.amicsdelamarportmao.com\/es\/wp-json\/wp\/v2\/posts\/909"}],"collection":[{"href":"https:\/\/www.amicsdelamarportmao.com\/es\/wp-json\/wp\/v2\/posts"}],"about":[{"href":"https:\/\/www.amicsdelamarportmao.com\/es\/wp-json\/wp\/v2\/types\/post"}],"author":[{"embeddable":true,"href":"https:\/\/www.amicsdelamarportmao.com\/es\/wp-json\/wp\/v2\/users\/1"}],"replies":[{"embeddable":true,"href":"https:\/\/www.amicsdelamarportmao.com\/es\/wp-json\/wp\/v2\/comments?post=909"}],"version-history":[{"count":2,"href":"https:\/\/www.amicsdelamarportmao.com\/es\/wp-json\/wp\/v2\/posts\/909\/revisions"}],"predecessor-version":[{"id":916,"href":"https:\/\/www.amicsdelamarportmao.com\/es\/wp-json\/wp\/v2\/posts\/909\/revisions\/916"}],"wp:attachment":[{"href":"https:\/\/www.amicsdelamarportmao.com\/es\/wp-json\/wp\/v2\/media?parent=909"}],"wp:term":[{"taxonomy":"category","embeddable":true,"href":"https:\/\/www.amicsdelamarportmao.com\/es\/wp-json\/wp\/v2\/categories?post=909"},{"taxonomy":"post_tag","embeddable":true,"href":"https:\/\/www.amicsdelamarportmao.com\/es\/wp-json\/wp\/v2\/tags?post=909"}],"curies":[{"name":"wp","href":"https:\/\/api.w.org\/{rel}","templated":true}]}}