{"id":921,"date":"2013-06-20T23:41:46","date_gmt":"2013-06-20T21:41:46","guid":{"rendered":"https:\/\/www.amicsdelamarportmao.com\/?p=921"},"modified":"2013-06-21T00:22:49","modified_gmt":"2013-06-20T22:22:49","slug":"sant-pere-2013","status":"publish","type":"post","link":"https:\/\/www.amicsdelamarportmao.com\/es\/2013\/06\/sant-pere-2013\/","title":{"rendered":"San Pedro 2013"},"content":{"rendered":"<p><\/p>\n<style type=\"text\/css\"><!--\n<span id=\"mce_marker\" data-mce-type=\"bookmark\"><\/span><span id=\"__caret\">_<\/span><!-- P { margin-bottom: 0.21cm; direction: ltr; color: rgb(0, 0, 0); }P.western { font-family: \"Futura\"; font-size: 14pt; }P.cjk { font-family: \"Cambria\",serif; font-size: 14pt; }P.ctl { font-family: \"Futura\"; font-size: 12pt; }A:link { color: rgb(0, 0, 255); }\n--><\/style>\n<p lang=\"es-ES\" style=\"margin-top: 0cm; margin-bottom: 0cm; line-height: 150%;\"><span style=\"font-family: Helvetica,sans-serif;\"><span style=\"font-size: medium;\">Como cada a\u00f1o, el \u00faltimo fin de semana de junio, Amics de la Mar Port-Ma\u00f3 celebra la festividad de <strong>San Pedro<\/strong>, patrono del mar, con un encuentro de embarcaciones de vela latina y una comida de hermandad<span style=\"font-family: Helvetica,sans-serif;\"> en la isla Pinto.<\/span><\/span><\/span><\/p>\n<p lang=\"es-ES\" style=\"margin-top: 0cm; margin-bottom: 0cm; line-height: 150%;\"><span style=\"font-family: Helvetica,sans-serif;\"><span style=\"font-size: medium;\"><span style=\"font-family: Helvetica,sans-serif;\"> Este a\u00f1o<\/span> tendr\u00e1 lugar <span style=\"font-family: Helvetica,sans-serif;\">los<\/span> pr\u00f3ximos s\u00e1bado y domingo d\u00edas, <strong>29 y 30 de junio, <\/strong>con el siguiente programa:<br \/>\n<\/span><\/span><\/p>\n<p lang=\"es-ES\" style=\"margin-top: 0cm; margin-bottom: 0cm; line-height: 150%;\"><a href=\"https:\/\/www.amicsdelamarportmao.com\/wp-content\/uploads\/2013\/06\/Programa-Sant-Pere-20131.jpg\"><img loading=\"lazy\" decoding=\"async\" class=\"alignleft size-large wp-image-928\" alt=\"Programa Sant Pere 2013\" src=\"https:\/\/www.amicsdelamarportmao.com\/wp-content\/uploads\/2013\/06\/Programa-Sant-Pere-20131-1024x617.jpg\" width=\"640\" height=\"385\" srcset=\"https:\/\/www.amicsdelamarportmao.com\/wp-content\/uploads\/2013\/06\/Programa-Sant-Pere-20131-1024x617.jpg 1024w, https:\/\/www.amicsdelamarportmao.com\/wp-content\/uploads\/2013\/06\/Programa-Sant-Pere-20131-300x180.jpg 300w, https:\/\/www.amicsdelamarportmao.com\/wp-content\/uploads\/2013\/06\/Programa-Sant-Pere-20131-250x150.jpg 250w, https:\/\/www.amicsdelamarportmao.com\/wp-content\/uploads\/2013\/06\/Programa-Sant-Pere-20131.jpg 1200w\" sizes=\"(max-width: 640px) 100vw, 640px\" \/><\/a><\/p>\n<p><a href=\"https:\/\/www.amicsdelamarportmao.com\/wp-content\/uploads\/2013\/06\/Tarja-Sant-Pere-13-apaissada.jpg\"><img loading=\"lazy\" decoding=\"async\" class=\"alignleft size-large wp-image-923\" alt=\"Tarja Sant Pere 13 apaissada\" src=\"https:\/\/www.amicsdelamarportmao.com\/wp-content\/uploads\/2013\/06\/Tarja-Sant-Pere-13-apaissada-1024x616.jpg\" width=\"640\" height=\"385\" srcset=\"https:\/\/www.amicsdelamarportmao.com\/wp-content\/uploads\/2013\/06\/Tarja-Sant-Pere-13-apaissada-1024x616.jpg 1024w, https:\/\/www.amicsdelamarportmao.com\/wp-content\/uploads\/2013\/06\/Tarja-Sant-Pere-13-apaissada-300x180.jpg 300w, https:\/\/www.amicsdelamarportmao.com\/wp-content\/uploads\/2013\/06\/Tarja-Sant-Pere-13-apaissada-250x150.jpg 250w, https:\/\/www.amicsdelamarportmao.com\/wp-content\/uploads\/2013\/06\/Tarja-Sant-Pere-13-apaissada.jpg 1200w\" sizes=\"(max-width: 640px) 100vw, 640px\" \/><\/a><\/p>","protected":false},"excerpt":{"rendered":"<p>Como cada a\u00f1o, el \u00faltimo fin de semana de junio, Amics de la Mar Port-Ma\u00f3 celebra la festividad de San Pedro, patrono del mar, con un encuentro de embarcaciones de vela latina y una comida de hermandad en la isla &hellip; <a href=\"https:\/\/www.amicsdelamarportmao.com\/es\/2013\/06\/sant-pere-2013\/\">Sigue leyendo <span class=\"meta-nav\">&rarr;<\/span><\/a><\/p>\n","protected":false},"author":1,"featured_media":0,"comment_status":"closed","ping_status":"closed","sticky":false,"template":"","format":"standard","meta":{"footnotes":""},"categories":[1],"tags":[],"_links":{"self":[{"href":"https:\/\/www.amicsdelamarportmao.com\/es\/wp-json\/wp\/v2\/posts\/921"}],"collection":[{"href":"https:\/\/www.amicsdelamarportmao.com\/es\/wp-json\/wp\/v2\/posts"}],"about":[{"href":"https:\/\/www.amicsdelamarportmao.com\/es\/wp-json\/wp\/v2\/types\/post"}],"author":[{"embeddable":true,"href":"https:\/\/www.amicsdelamarportmao.com\/es\/wp-json\/wp\/v2\/users\/1"}],"replies":[{"embeddable":true,"href":"https:\/\/www.amicsdelamarportmao.com\/es\/wp-json\/wp\/v2\/comments?post=921"}],"version-history":[{"count":7,"href":"https:\/\/www.amicsdelamarportmao.com\/es\/wp-json\/wp\/v2\/posts\/921\/revisions"}],"predecessor-version":[{"id":933,"href":"https:\/\/www.amicsdelamarportmao.com\/es\/wp-json\/wp\/v2\/posts\/921\/revisions\/933"}],"wp:attachment":[{"href":"https:\/\/www.amicsdelamarportmao.com\/es\/wp-json\/wp\/v2\/media?parent=921"}],"wp:term":[{"taxonomy":"category","embeddable":true,"href":"https:\/\/www.amicsdelamarportmao.com\/es\/wp-json\/wp\/v2\/categories?post=921"},{"taxonomy":"post_tag","embeddable":true,"href":"https:\/\/www.amicsdelamarportmao.com\/es\/wp-json\/wp\/v2\/tags?post=921"}],"curies":[{"name":"wp","href":"https:\/\/api.w.org\/{rel}","templated":true}]}}