{"id":998,"date":"2015-01-23T23:02:42","date_gmt":"2015-01-23T22:02:42","guid":{"rendered":"https:\/\/www.amicsdelamarportmao.com\/?p=998"},"modified":"2015-01-23T23:11:09","modified_gmt":"2015-01-23T22:11:09","slug":"centre-de-conservacio-i-difusio-de-la-cultura-maritima-tradicional","status":"publish","type":"post","link":"https:\/\/www.amicsdelamarportmao.com\/es\/2015\/01\/centre-de-conservacio-i-difusio-de-la-cultura-maritima-tradicional\/","title":{"rendered":"Centro para la conservaci\u00f3n y difusi\u00f3n de la cultura mar\u00edtima tradicional"},"content":{"rendered":"<p><\/p>\n<p lang=\"es-ES\" style=\"text-align: justify;\">Amics de la Mar Port-Ma\u00f3 quiere convertir parte de las casetas de La Solana, en el puerto de Mah\u00f3n, en el centro para la\u00a0conservaci\u00f3n y difusi\u00f3n de la cultura mar\u00edtima tradicional, y por ello ha solicitado su cesi\u00f3n a la Autoridad Portuaria de Baleares .<\/p>\n<p lang=\"es-ES\"><a href=\"https:\/\/www.amicsdelamarportmao.com\/wp-content\/uploads\/2015\/01\/Tres-casetes-distribuci\u00f3-dusos-copia.jpg\"><img loading=\"lazy\" decoding=\"async\" class=\"alignnone size-large wp-image-999\" src=\"https:\/\/www.amicsdelamarportmao.com\/wp-content\/uploads\/2015\/01\/Tres-casetes-distribuci\u00f3-dusos-copia-1024x837.jpg\" alt=\"Tres casetes distribuci\u00f3 d'usos copia\" width=\"640\" height=\"523\" srcset=\"https:\/\/www.amicsdelamarportmao.com\/wp-content\/uploads\/2015\/01\/Tres-casetes-distribuci\u00f3-dusos-copia-1024x837.jpg 1024w, https:\/\/www.amicsdelamarportmao.com\/wp-content\/uploads\/2015\/01\/Tres-casetes-distribuci\u00f3-dusos-copia-300x245.jpg 300w, https:\/\/www.amicsdelamarportmao.com\/wp-content\/uploads\/2015\/01\/Tres-casetes-distribuci\u00f3-dusos-copia-250x204.jpg 250w, https:\/\/www.amicsdelamarportmao.com\/wp-content\/uploads\/2015\/01\/Tres-casetes-distribuci\u00f3-dusos-copia.jpg 1200w\" sizes=\"(max-width: 640px) 100vw, 640px\" \/><\/a><\/p>\n<p style=\"text-align: justify;\">Lo que se pretende con la reubicaci\u00f3n de la Asociaci\u00f3n Amics de la Mar Port-Ma\u00f3 en las casetas de La Solana, es poderla hacer m\u00e1s activa, con una propuesta de usos y actividades al alcance de todos sin las restricciones de acceso que conlleva el hecho de estar dentro de la Estaci\u00f3n Naval, especialmente desde que se derrumb\u00f3 una parte del techo de uno de los pa\u00f1oles, lo que ha dejado la asociaci\u00f3n pr\u00e1cticamente in-operativa desde el m\u00e9s de marzo de 2014, se dispondr\u00eda de las casetas como centro de las actividades sociales y amarre de embarcaciones tradicionales creando una muestra flotante.<\/p>\n<p style=\"text-align: justify;\">El objetivo general de convertir las casetas en el centro de conservaci\u00f3n y difusi\u00f3n de todo lo relacionado con la cultura tradicional del mar, aqu\u00ed encontrar\u00e9is las propuestas de usos y actividades, unas pueden llevarse a cabo de forma inmediata, otras necesitar\u00e1n actuaciones previas m\u00e1s a medio y largo plazo.<\/p>\n<p>Por lo que, proponemos una serie de actividades con una triple vertiente: el de la difusi\u00f3n de actividades marineras culturales, de esparcimiento, y did\u00e1cticas:<\/p>\n<p style=\"text-align: justify;\">-Organizar actividades de aprendizaje e iniciaci\u00f3n a la vela tradicional, especialmente para ni\u00f1os, adolescentes y j\u00f3venes, junto con una serie de talleres relacionados con la cultura mar\u00edtima, como talleres de nudos, cabos y redes, o actividades relacionadas con la investigaci\u00f3n, conservaci\u00f3n y difusi\u00f3n de la cultura inmaterial, como canciones, lenguaje y vocabulario, topograf\u00eda &#8230;.<\/p>\n<p style=\"text-align: justify;\">-Disponer de un local social para Amics de la Mar Port-Ma\u00f3 -actualmente en precario en la isla Pinto y con restricciones de acceso &#8211; donde ubicar los espacios necesarios para la gesti\u00f3n administrativa y organizativa asociaci\u00f3n, as\u00ed c\u00f3mo adaptar un espacio multiuso para actividades did\u00e1cticas, una peque\u00f1a biblioteca de temas relacionados con la cultura mar\u00edtima, charlas, proyecciones etc. y, incluso, alojamiento temporal para tripulaciones de fuera de la isla asistentes a las trobadas, que disponga de unos servicios m\u00ednimos.<\/p>\n<p style=\"text-align: justify;\">-Disponer de un lugar de amarre de embarcaciones tradicionales y almac\u00e9n de velas, para los asociados y para las embarcaciones asistentes a las trobadas, convertirlas en centro referencia para las embarcaciones hist\u00f3ricas del y en el puerto de Mah\u00f3n.<\/p>\n<p style=\"text-align: justify;\">-Actividades marineras para escolares, con \u00abbautizos\u00bb de mar para adolescentes y adultos, y otras actividades relacionadas con el mundo educativo y cultural.<\/p>\n<p style=\"text-align: justify;\">-Crear una peque\u00f1a flota de embarcaciones con aparejo tradicional, con el fin de difundir e incentivar entre los ni\u00f1os el gusto y el conocimiento de esta modalidad de navegaci\u00f3n y garantizar, de este modo, su pervivencia, una de las principales razones de ser de nuestra asociaci\u00f3n.<\/p>\n<p style=\"text-align: justify;\">-Disponer El puerto de Ma\u00f3 de un lugar de encuentro de embarcaciones cl\u00e1sicas, local, insular y de todo el Mediterr\u00e1neo noroccidental.<\/p>\n<p style=\"text-align: justify;\">-Recuperarlas socialmente, convirti\u00e9ndolas en espacio destinado a la difusi\u00f3n del patrimonio mar\u00edtimo de Menorca y del puerto de Mah\u00f3n en particular, abierto a todos los menorquines y visitantes y as\u00ed evitar su deterioro y abandono tal como lamentablemente ha sucedido en otros rincones de nuestro puerto.<\/p>\n<p><\/p>","protected":false},"excerpt":{"rendered":"<p>Amics de la Mar Port-Ma\u00f3 quiere convertir parte de las casetas de La Solana, en el puerto de Mah\u00f3n, en el centro para la\u00a0conservaci\u00f3n y difusi\u00f3n de la cultura mar\u00edtima tradicional, y por ello ha solicitado su cesi\u00f3n a la &hellip; <a href=\"https:\/\/www.amicsdelamarportmao.com\/es\/2015\/01\/centre-de-conservacio-i-difusio-de-la-cultura-maritima-tradicional\/\">Sigue leyendo <span class=\"meta-nav\">&rarr;<\/span><\/a><\/p>\n","protected":false},"author":1,"featured_media":0,"comment_status":"closed","ping_status":"closed","sticky":false,"template":"","format":"standard","meta":{"footnotes":""},"categories":[1],"tags":[],"_links":{"self":[{"href":"https:\/\/www.amicsdelamarportmao.com\/es\/wp-json\/wp\/v2\/posts\/998"}],"collection":[{"href":"https:\/\/www.amicsdelamarportmao.com\/es\/wp-json\/wp\/v2\/posts"}],"about":[{"href":"https:\/\/www.amicsdelamarportmao.com\/es\/wp-json\/wp\/v2\/types\/post"}],"author":[{"embeddable":true,"href":"https:\/\/www.amicsdelamarportmao.com\/es\/wp-json\/wp\/v2\/users\/1"}],"replies":[{"embeddable":true,"href":"https:\/\/www.amicsdelamarportmao.com\/es\/wp-json\/wp\/v2\/comments?post=998"}],"version-history":[{"count":4,"href":"https:\/\/www.amicsdelamarportmao.com\/es\/wp-json\/wp\/v2\/posts\/998\/revisions"}],"predecessor-version":[{"id":1003,"href":"https:\/\/www.amicsdelamarportmao.com\/es\/wp-json\/wp\/v2\/posts\/998\/revisions\/1003"}],"wp:attachment":[{"href":"https:\/\/www.amicsdelamarportmao.com\/es\/wp-json\/wp\/v2\/media?parent=998"}],"wp:term":[{"taxonomy":"category","embeddable":true,"href":"https:\/\/www.amicsdelamarportmao.com\/es\/wp-json\/wp\/v2\/categories?post=998"},{"taxonomy":"post_tag","embeddable":true,"href":"https:\/\/www.amicsdelamarportmao.com\/es\/wp-json\/wp\/v2\/tags?post=998"}],"curies":[{"name":"wp","href":"https:\/\/api.w.org\/{rel}","templated":true}]}}